{"id":92299,"date":"2025-09-30T20:31:30","date_gmt":"2025-09-30T18:31:30","guid":{"rendered":"https:\/\/elysee.hu\/2025\/09\/30\/live-acoustic-concerts-at-the-elysee-2\/"},"modified":"2026-04-17T00:46:34","modified_gmt":"2026-04-16T22:46:34","slug":"live-acoustic-concerts-at-the-elysee-2","status":"publish","type":"post","link":"https:\/\/elysee.hu\/en\/2025\/09\/30\/live-acoustic-concerts-at-the-elysee-2\/","title":{"rendered":"Live acoustic concerts at the Elys\u00e9e!"},"content":{"rendered":"<p style=\"font-weight: 400;\">Every Thursday and Saturday evening from 19:00, live acoustic concerts at the Elys\u00e9e! Contemporary and evergreen hits, in pop &amp; rock, jazz, soul, and funky styles, performed by a variety of artists. In addition to the pleasant melodies, you can enjoy the breathtaking view of the Parliament and Kossuth Square while enjoying a gourmet dinner or a glass of fine wine.<\/p>\n<p style=\"font-weight: 400;\">For our current events check out our\u00a0<a href=\"https:\/\/www.facebook.com\/elyseebistro\/\" data-saferedirecturl=\"https:\/\/www.google.com\/url?q=https:\/\/www.facebook.com\/elyseebistro\/&amp;source=gmail&amp;ust=1759587822614000&amp;usg=AOvVaw3n8WJdhqzGIQRTNIf2c76h\">facebook\u00a0<\/a>page.<\/p>\n<p style=\"font-weight: 400;\">No entrance fee, no obligatory consumption, reservations are recommended at the following contact details:<\/p>\n<p>&nbsp;<\/p>\n<p><a href=\"tel:+36707303013\">+36 70 730 30 13<\/a><\/p>\n<p><a href=\"mailto:info@elysee.hu\">info@elysee.hu<\/a><\/p>\n<p><a href=\"https:\/\/places.neery.net\/land\/elysee-etlap-foglalas\" data-saferedirecturl=\"https:\/\/www.google.com\/url?q=https:\/\/places.neery.net\/land\/elysee-etlap-foglalas&amp;source=gmail&amp;ust=1759587822614000&amp;usg=AOvVaw1F-HxyED7BnwcE2MlJTzYK\">https:\/\/places.neery.net\/land\/elysee-etlap-foglalas<\/a><\/p>\n","protected":false},"excerpt":{"rendered":"<p>Every Thursday and Saturday evening from 19:00, live acoustic concerts at the Elys\u00e9e! Contemporary and evergreen hits, in pop &amp; rock, jazz, soul, and funky styles, performed by a variety of artists. In addition to the pleasant melodies, you can enjoy the breathtaking view of the Parliament and Kossuth Square while enjoying a gourmet dinner &#8230;<\/p>\n","protected":false},"author":2,"featured_media":92506,"comment_status":"open","ping_status":"open","sticky":false,"template":"","format":"standard","meta":{"inline_featured_image":false,"loftocean_post_format_gallery":"","loftocean_post_format_gallery_ids":"","loftocean_post_format_gallery_urls":"","loftocean_post_format_video_id":0,"loftocean_post_format_video_url":"","loftocean_post_format_video_type":"","loftocean_post_format_video":"","loftocean_post_format_audio_type":"","loftocean_post_format_audio_url":"","loftocean_post_format_audio_id":0,"loftocean_post_format_audio":"","loftocean-like-count":0,"patiotime_single_post_hide_site_header":"","patiotime_single_post_site_header_source":"","patiotime_single_post_custom_site_header":"0","patiotime_single_post_custom_sticky_site_header":"","patiotime_single_post_hide_page_title":"","patiotime_single_post_site_footer_hide_main":"","patiotime_single_custom_site_footer_main_source":"","patiotime_single_custom_site_footer_main":"0","patiotime_single_post_site_footer_hide_above":"","patiotime_single_custom_site_footer_above_source":"","patiotime_single_custom_site_footer_above":"0","patiotime_single_post_site_footer_hide_instagram":"","patiotime_single_post_site_footer_hide_bottom":"","patiotime_single_custom_mobile_menu_source":"","patiotime_single_custom_mobile_menu":"0","patiotime_single_custom_mobile_menu_animation":"","patiotime_single_custom_mobile_menu_width":"","patiotime_single_custom_mobile_menu_custom_width":375,"patiotime_single_post_template":"","footnotes":""},"categories":[46],"tags":[],"class_list":["post-92299","post","type-post","status-publish","format-standard","has-post-thumbnail","hentry","category-uncategorized"],"yoast_head":"<!-- This site is optimized with the Yoast SEO plugin v24.8.1 - https:\/\/yoast.com\/wordpress\/plugins\/seo\/ -->\n<title>Live acoustic concerts at the Elys\u00e9e! - Elys\u00e9e<\/title>\n<meta name=\"robots\" content=\"index, follow, max-snippet:-1, max-image-preview:large, max-video-preview:-1\" \/>\n<link rel=\"canonical\" href=\"https:\/\/elysee.hu\/en\/2025\/09\/30\/live-acoustic-concerts-at-the-elysee-2\/\" \/>\n<meta property=\"og:locale\" content=\"en_US\" \/>\n<meta property=\"og:type\" content=\"article\" \/>\n<meta property=\"og:title\" content=\"Live acoustic concerts at the Elys\u00e9e! - Elys\u00e9e\" \/>\n<meta property=\"og:description\" content=\"Every Thursday and Saturday evening from 19:00, live acoustic concerts at the Elys\u00e9e! Contemporary and evergreen hits, in pop &amp; rock, jazz, soul, and funky styles, performed by a variety of artists. In addition to the pleasant melodies, you can enjoy the breathtaking view of the Parliament and Kossuth Square while enjoying a gourmet dinner ...\" \/>\n<meta property=\"og:url\" content=\"https:\/\/elysee.hu\/en\/2025\/09\/30\/live-acoustic-concerts-at-the-elysee-2\/\" \/>\n<meta property=\"og:site_name\" content=\"Elys\u00e9e\" \/>\n<meta property=\"article:published_time\" content=\"2025-09-30T18:31:30+00:00\" \/>\n<meta property=\"article:modified_time\" content=\"2026-04-16T22:46:34+00:00\" \/>\n<meta property=\"og:image\" content=\"https:\/\/elysee.hu\/wp-content\/uploads\/2025\/09\/2.jpg\" \/>\n\t<meta property=\"og:image:width\" content=\"1000\" \/>\n\t<meta property=\"og:image:height\" content=\"1000\" \/>\n\t<meta property=\"og:image:type\" content=\"image\/jpeg\" \/>\n<meta name=\"author\" content=\"Abel\" \/>\n<meta name=\"twitter:card\" content=\"summary_large_image\" \/>\n<meta name=\"twitter:label1\" content=\"Written by\" \/>\n\t<meta name=\"twitter:data1\" content=\"Abel\" \/>\n\t<meta name=\"twitter:label2\" content=\"Est. reading time\" \/>\n\t<meta name=\"twitter:data2\" content=\"1 minute\" \/>\n<script type=\"application\/ld+json\" class=\"yoast-schema-graph\">{\"@context\":\"https:\/\/schema.org\",\"@graph\":[{\"@type\":\"Article\",\"@id\":\"https:\/\/elysee.hu\/en\/2025\/09\/30\/live-acoustic-concerts-at-the-elysee-2\/#article\",\"isPartOf\":{\"@id\":\"https:\/\/elysee.hu\/en\/2025\/09\/30\/live-acoustic-concerts-at-the-elysee-2\/\"},\"author\":{\"name\":\"Abel\",\"@id\":\"https:\/\/elysee.hu\/#\/schema\/person\/8ea8a851a1bba94d52aacef86a1035af\"},\"headline\":\"Live acoustic concerts at the Elys\u00e9e!\",\"datePublished\":\"2025-09-30T18:31:30+00:00\",\"dateModified\":\"2026-04-16T22:46:34+00:00\",\"mainEntityOfPage\":{\"@id\":\"https:\/\/elysee.hu\/en\/2025\/09\/30\/live-acoustic-concerts-at-the-elysee-2\/\"},\"wordCount\":101,\"commentCount\":0,\"publisher\":{\"@id\":\"https:\/\/elysee.hu\/#organization\"},\"image\":{\"@id\":\"https:\/\/elysee.hu\/en\/2025\/09\/30\/live-acoustic-concerts-at-the-elysee-2\/#primaryimage\"},\"thumbnailUrl\":\"https:\/\/elysee.hu\/wp-content\/uploads\/2025\/09\/2.jpg\",\"inLanguage\":\"en-US\",\"potentialAction\":[{\"@type\":\"CommentAction\",\"name\":\"Comment\",\"target\":[\"https:\/\/elysee.hu\/en\/2025\/09\/30\/live-acoustic-concerts-at-the-elysee-2\/#respond\"]}]},{\"@type\":\"WebPage\",\"@id\":\"https:\/\/elysee.hu\/en\/2025\/09\/30\/live-acoustic-concerts-at-the-elysee-2\/\",\"url\":\"https:\/\/elysee.hu\/en\/2025\/09\/30\/live-acoustic-concerts-at-the-elysee-2\/\",\"name\":\"Live acoustic concerts at the Elys\u00e9e! - Elys\u00e9e\",\"isPartOf\":{\"@id\":\"https:\/\/elysee.hu\/#website\"},\"primaryImageOfPage\":{\"@id\":\"https:\/\/elysee.hu\/en\/2025\/09\/30\/live-acoustic-concerts-at-the-elysee-2\/#primaryimage\"},\"image\":{\"@id\":\"https:\/\/elysee.hu\/en\/2025\/09\/30\/live-acoustic-concerts-at-the-elysee-2\/#primaryimage\"},\"thumbnailUrl\":\"https:\/\/elysee.hu\/wp-content\/uploads\/2025\/09\/2.jpg\",\"datePublished\":\"2025-09-30T18:31:30+00:00\",\"dateModified\":\"2026-04-16T22:46:34+00:00\",\"breadcrumb\":{\"@id\":\"https:\/\/elysee.hu\/en\/2025\/09\/30\/live-acoustic-concerts-at-the-elysee-2\/#breadcrumb\"},\"inLanguage\":\"en-US\",\"potentialAction\":[{\"@type\":\"ReadAction\",\"target\":[\"https:\/\/elysee.hu\/en\/2025\/09\/30\/live-acoustic-concerts-at-the-elysee-2\/\"]}]},{\"@type\":\"ImageObject\",\"inLanguage\":\"en-US\",\"@id\":\"https:\/\/elysee.hu\/en\/2025\/09\/30\/live-acoustic-concerts-at-the-elysee-2\/#primaryimage\",\"url\":\"https:\/\/elysee.hu\/wp-content\/uploads\/2025\/09\/2.jpg\",\"contentUrl\":\"https:\/\/elysee.hu\/wp-content\/uploads\/2025\/09\/2.jpg\",\"width\":1000,\"height\":1000},{\"@type\":\"BreadcrumbList\",\"@id\":\"https:\/\/elysee.hu\/en\/2025\/09\/30\/live-acoustic-concerts-at-the-elysee-2\/#breadcrumb\",\"itemListElement\":[{\"@type\":\"ListItem\",\"position\":1,\"name\":\"Home\",\"item\":\"https:\/\/elysee.hu\/en\/\"},{\"@type\":\"ListItem\",\"position\":2,\"name\":\"Live acoustic concerts at the Elys\u00e9e!\"}]},{\"@type\":\"WebSite\",\"@id\":\"https:\/\/elysee.hu\/#website\",\"url\":\"https:\/\/elysee.hu\/\",\"name\":\"Elys\u00e9e\",\"description\":\"Elys\u00e9e\",\"publisher\":{\"@id\":\"https:\/\/elysee.hu\/#organization\"},\"potentialAction\":[{\"@type\":\"SearchAction\",\"target\":{\"@type\":\"EntryPoint\",\"urlTemplate\":\"https:\/\/elysee.hu\/?s={search_term_string}\"},\"query-input\":{\"@type\":\"PropertyValueSpecification\",\"valueRequired\":true,\"valueName\":\"search_term_string\"}}],\"inLanguage\":\"en-US\"},{\"@type\":\"Organization\",\"@id\":\"https:\/\/elysee.hu\/#organization\",\"name\":\"Elys\u00e9e\",\"url\":\"https:\/\/elysee.hu\/\",\"logo\":{\"@type\":\"ImageObject\",\"inLanguage\":\"en-US\",\"@id\":\"https:\/\/elysee.hu\/#\/schema\/logo\/image\/\",\"url\":\"https:\/\/elysee.hu\/wp-content\/uploads\/2023\/03\/logo1.svg\",\"contentUrl\":\"https:\/\/elysee.hu\/wp-content\/uploads\/2023\/03\/logo1.svg\",\"width\":1700,\"height\":1209,\"caption\":\"Elys\u00e9e\"},\"image\":{\"@id\":\"https:\/\/elysee.hu\/#\/schema\/logo\/image\/\"}},{\"@type\":\"Person\",\"@id\":\"https:\/\/elysee.hu\/#\/schema\/person\/8ea8a851a1bba94d52aacef86a1035af\",\"name\":\"Abel\",\"image\":{\"@type\":\"ImageObject\",\"inLanguage\":\"en-US\",\"@id\":\"https:\/\/elysee.hu\/#\/schema\/person\/image\/\",\"url\":\"https:\/\/secure.gravatar.com\/avatar\/42b50427a5362be52131e17310251d9d?s=96&d=mm&r=g\",\"contentUrl\":\"https:\/\/secure.gravatar.com\/avatar\/42b50427a5362be52131e17310251d9d?s=96&d=mm&r=g\",\"caption\":\"Abel\"},\"url\":\"https:\/\/elysee.hu\/en\/author\/abel\/\"}]}<\/script>\n<!-- \/ Yoast SEO plugin. -->","yoast_head_json":{"title":"Live acoustic concerts at the Elys\u00e9e! - Elys\u00e9e","robots":{"index":"index","follow":"follow","max-snippet":"max-snippet:-1","max-image-preview":"max-image-preview:large","max-video-preview":"max-video-preview:-1"},"canonical":"https:\/\/elysee.hu\/en\/2025\/09\/30\/live-acoustic-concerts-at-the-elysee-2\/","og_locale":"en_US","og_type":"article","og_title":"Live acoustic concerts at the Elys\u00e9e! - Elys\u00e9e","og_description":"Every Thursday and Saturday evening from 19:00, live acoustic concerts at the Elys\u00e9e! Contemporary and evergreen hits, in pop &amp; rock, jazz, soul, and funky styles, performed by a variety of artists. In addition to the pleasant melodies, you can enjoy the breathtaking view of the Parliament and Kossuth Square while enjoying a gourmet dinner ...","og_url":"https:\/\/elysee.hu\/en\/2025\/09\/30\/live-acoustic-concerts-at-the-elysee-2\/","og_site_name":"Elys\u00e9e","article_published_time":"2025-09-30T18:31:30+00:00","article_modified_time":"2026-04-16T22:46:34+00:00","og_image":[{"width":1000,"height":1000,"url":"https:\/\/elysee.hu\/wp-content\/uploads\/2025\/09\/2.jpg","type":"image\/jpeg"}],"author":"Abel","twitter_card":"summary_large_image","twitter_misc":{"Written by":"Abel","Est. reading time":"1 minute"},"schema":{"@context":"https:\/\/schema.org","@graph":[{"@type":"Article","@id":"https:\/\/elysee.hu\/en\/2025\/09\/30\/live-acoustic-concerts-at-the-elysee-2\/#article","isPartOf":{"@id":"https:\/\/elysee.hu\/en\/2025\/09\/30\/live-acoustic-concerts-at-the-elysee-2\/"},"author":{"name":"Abel","@id":"https:\/\/elysee.hu\/#\/schema\/person\/8ea8a851a1bba94d52aacef86a1035af"},"headline":"Live acoustic concerts at the Elys\u00e9e!","datePublished":"2025-09-30T18:31:30+00:00","dateModified":"2026-04-16T22:46:34+00:00","mainEntityOfPage":{"@id":"https:\/\/elysee.hu\/en\/2025\/09\/30\/live-acoustic-concerts-at-the-elysee-2\/"},"wordCount":101,"commentCount":0,"publisher":{"@id":"https:\/\/elysee.hu\/#organization"},"image":{"@id":"https:\/\/elysee.hu\/en\/2025\/09\/30\/live-acoustic-concerts-at-the-elysee-2\/#primaryimage"},"thumbnailUrl":"https:\/\/elysee.hu\/wp-content\/uploads\/2025\/09\/2.jpg","inLanguage":"en-US","potentialAction":[{"@type":"CommentAction","name":"Comment","target":["https:\/\/elysee.hu\/en\/2025\/09\/30\/live-acoustic-concerts-at-the-elysee-2\/#respond"]}]},{"@type":"WebPage","@id":"https:\/\/elysee.hu\/en\/2025\/09\/30\/live-acoustic-concerts-at-the-elysee-2\/","url":"https:\/\/elysee.hu\/en\/2025\/09\/30\/live-acoustic-concerts-at-the-elysee-2\/","name":"Live acoustic concerts at the Elys\u00e9e! - Elys\u00e9e","isPartOf":{"@id":"https:\/\/elysee.hu\/#website"},"primaryImageOfPage":{"@id":"https:\/\/elysee.hu\/en\/2025\/09\/30\/live-acoustic-concerts-at-the-elysee-2\/#primaryimage"},"image":{"@id":"https:\/\/elysee.hu\/en\/2025\/09\/30\/live-acoustic-concerts-at-the-elysee-2\/#primaryimage"},"thumbnailUrl":"https:\/\/elysee.hu\/wp-content\/uploads\/2025\/09\/2.jpg","datePublished":"2025-09-30T18:31:30+00:00","dateModified":"2026-04-16T22:46:34+00:00","breadcrumb":{"@id":"https:\/\/elysee.hu\/en\/2025\/09\/30\/live-acoustic-concerts-at-the-elysee-2\/#breadcrumb"},"inLanguage":"en-US","potentialAction":[{"@type":"ReadAction","target":["https:\/\/elysee.hu\/en\/2025\/09\/30\/live-acoustic-concerts-at-the-elysee-2\/"]}]},{"@type":"ImageObject","inLanguage":"en-US","@id":"https:\/\/elysee.hu\/en\/2025\/09\/30\/live-acoustic-concerts-at-the-elysee-2\/#primaryimage","url":"https:\/\/elysee.hu\/wp-content\/uploads\/2025\/09\/2.jpg","contentUrl":"https:\/\/elysee.hu\/wp-content\/uploads\/2025\/09\/2.jpg","width":1000,"height":1000},{"@type":"BreadcrumbList","@id":"https:\/\/elysee.hu\/en\/2025\/09\/30\/live-acoustic-concerts-at-the-elysee-2\/#breadcrumb","itemListElement":[{"@type":"ListItem","position":1,"name":"Home","item":"https:\/\/elysee.hu\/en\/"},{"@type":"ListItem","position":2,"name":"Live acoustic concerts at the Elys\u00e9e!"}]},{"@type":"WebSite","@id":"https:\/\/elysee.hu\/#website","url":"https:\/\/elysee.hu\/","name":"Elys\u00e9e","description":"Elys\u00e9e","publisher":{"@id":"https:\/\/elysee.hu\/#organization"},"potentialAction":[{"@type":"SearchAction","target":{"@type":"EntryPoint","urlTemplate":"https:\/\/elysee.hu\/?s={search_term_string}"},"query-input":{"@type":"PropertyValueSpecification","valueRequired":true,"valueName":"search_term_string"}}],"inLanguage":"en-US"},{"@type":"Organization","@id":"https:\/\/elysee.hu\/#organization","name":"Elys\u00e9e","url":"https:\/\/elysee.hu\/","logo":{"@type":"ImageObject","inLanguage":"en-US","@id":"https:\/\/elysee.hu\/#\/schema\/logo\/image\/","url":"https:\/\/elysee.hu\/wp-content\/uploads\/2023\/03\/logo1.svg","contentUrl":"https:\/\/elysee.hu\/wp-content\/uploads\/2023\/03\/logo1.svg","width":1700,"height":1209,"caption":"Elys\u00e9e"},"image":{"@id":"https:\/\/elysee.hu\/#\/schema\/logo\/image\/"}},{"@type":"Person","@id":"https:\/\/elysee.hu\/#\/schema\/person\/8ea8a851a1bba94d52aacef86a1035af","name":"Abel","image":{"@type":"ImageObject","inLanguage":"en-US","@id":"https:\/\/elysee.hu\/#\/schema\/person\/image\/","url":"https:\/\/secure.gravatar.com\/avatar\/42b50427a5362be52131e17310251d9d?s=96&d=mm&r=g","contentUrl":"https:\/\/secure.gravatar.com\/avatar\/42b50427a5362be52131e17310251d9d?s=96&d=mm&r=g","caption":"Abel"},"url":"https:\/\/elysee.hu\/en\/author\/abel\/"}]}},"loftoceanMetas":{"authorName":"Abel","categories":[{"name":"Uncategorized","link":"https:\/\/elysee.hu\/en\/category\/uncategorized\/","count":14}],"date":"2025.09.30.","featuredImageSRC":"https:\/\/elysee.hu\/wp-content\/uploads\/2025\/09\/2-150x150.jpg"},"_links":{"self":[{"href":"https:\/\/elysee.hu\/en\/wp-json\/wp\/v2\/posts\/92299"}],"collection":[{"href":"https:\/\/elysee.hu\/en\/wp-json\/wp\/v2\/posts"}],"about":[{"href":"https:\/\/elysee.hu\/en\/wp-json\/wp\/v2\/types\/post"}],"author":[{"embeddable":true,"href":"https:\/\/elysee.hu\/en\/wp-json\/wp\/v2\/users\/2"}],"replies":[{"embeddable":true,"href":"https:\/\/elysee.hu\/en\/wp-json\/wp\/v2\/comments?post=92299"}],"version-history":[{"count":5,"href":"https:\/\/elysee.hu\/en\/wp-json\/wp\/v2\/posts\/92299\/revisions"}],"predecessor-version":[{"id":92300,"href":"https:\/\/elysee.hu\/en\/wp-json\/wp\/v2\/posts\/92299\/revisions\/92300"}],"wp:featuredmedia":[{"embeddable":true,"href":"https:\/\/elysee.hu\/en\/wp-json\/wp\/v2\/media\/92506"}],"wp:attachment":[{"href":"https:\/\/elysee.hu\/en\/wp-json\/wp\/v2\/media?parent=92299"}],"wp:term":[{"taxonomy":"category","embeddable":true,"href":"https:\/\/elysee.hu\/en\/wp-json\/wp\/v2\/categories?post=92299"},{"taxonomy":"post_tag","embeddable":true,"href":"https:\/\/elysee.hu\/en\/wp-json\/wp\/v2\/tags?post=92299"}],"curies":[{"name":"wp","href":"https:\/\/api.w.org\/{rel}","templated":true}]}}